{"id":517,"date":"2025-04-08T18:53:18","date_gmt":"2025-04-09T01:53:18","guid":{"rendered":"https:\/\/selaculturalcenter.org\/comentarios-del-publico\/"},"modified":"2025-07-03T11:07:26","modified_gmt":"2025-07-03T18:07:26","slug":"comentarios-del-publico","status":"publish","type":"post","link":"https:\/\/selaculturalcenter.org\/es\/comentarios-del-publico","title":{"rendered":"Comentarios del p\u00fablico"},"content":{"rendered":"\t\t<div data-elementor-type=\"wp-post\" data-elementor-id=\"517\" class=\"elementor elementor-517 elementor-481\" data-elementor-post-type=\"post\">\n\t\t\t\t<div class=\"elementor-element elementor-element-d03b6f8 e-flex e-con-boxed e-con e-parent\" data-id=\"d03b6f8\" data-element_type=\"container\" data-e-type=\"container\">\n\t\t\t\t\t<div class=\"e-con-inner\">\n\t\t\t\t<div class=\"elementor-element elementor-element-aa85fd7 elementor-widget elementor-widget-text-editor\" data-id=\"aa85fd7\" data-element_type=\"widget\" data-e-type=\"widget\" data-widget_type=\"text-editor.default\">\n\t\t\t\t<div class=\"elementor-widget-container\">\n\t\t\t\t\t\t\t\t\t<p><span style=\"font-weight: 400;\">Nos gustar\u00eda conocer sus ideas y comentarios sobre el futuro del Centro Cultural SELA. A continuaci\u00f3n, encontrar\u00e1 los comentarios del p\u00fablico enviados a trav\u00e9s de la p\u00e1gina en espa\u00f1ol de nuestro sitio web. Para ver los comentarios enviados en ingl\u00e9s, dir\u00edjase a la esquina superior de esta p\u00e1gina y haga clic en <a href=\"https:\/\/selaculturalcenter.org\/comments\/\">ENGLISH<\/a>.<\/span><\/p><p><span style=\"font-weight: 400;\">Para enviar su comentario p\u00fablico, a\u00f1ada un comentario a trav\u00e9s del formulario a continuaci\u00f3n. Los comentarios p\u00fablicos se revisan para comprobar que el lenguaje sea adecuado y se a\u00f1adir\u00e1n a esta p\u00e1gina peri\u00f3dicamente.<\/span><\/p>\t\t\t\t\t\t\t\t<\/div>\n\t\t\t\t<\/div>\n\t\t\t\t\t<\/div>\n\t\t\t\t<\/div>\n\t\t\t\t<\/div>\n\t\t","protected":false},"excerpt":{"rendered":"<p>Nos gustar\u00eda conocer sus ideas y comentarios sobre el futuro del Centro Cultural SELA. A continuaci\u00f3n, encontrar\u00e1 los comentarios del p\u00fablico enviados a trav\u00e9s de la p\u00e1gina en espa\u00f1ol de [&hellip;]<\/p>\n","protected":false},"author":1,"featured_media":0,"comment_status":"open","ping_status":"open","sticky":false,"template":"","format":"standard","meta":{"inline_featured_image":false,"footnotes":""},"categories":[1],"tags":[],"class_list":["post-517","post","type-post","status-publish","format-standard","hentry","category-uncategorized"],"yoast_head":"<!-- This site is optimized with the Yoast SEO plugin v27.5 - https:\/\/yoast.com\/product\/yoast-seo-wordpress\/ -->\n<title>Comentarios del p\u00fablico - SELA<\/title>\n<meta name=\"robots\" content=\"index, follow, max-snippet:-1, max-image-preview:large, max-video-preview:-1\" \/>\n<link rel=\"canonical\" href=\"https:\/\/selaculturalcenter.org\/es\/comentarios-del-publico\" \/>\n<meta property=\"og:locale\" content=\"es_ES\" \/>\n<meta property=\"og:type\" content=\"article\" \/>\n<meta property=\"og:title\" content=\"Comentarios del p\u00fablico - SELA\" \/>\n<meta property=\"og:description\" content=\"Nos gustar\u00eda conocer sus ideas y comentarios sobre el futuro del Centro Cultural SELA. A continuaci\u00f3n, encontrar\u00e1 los comentarios del p\u00fablico enviados a trav\u00e9s de la p\u00e1gina en espa\u00f1ol de [&hellip;]\" \/>\n<meta property=\"og:url\" content=\"https:\/\/selaculturalcenter.org\/es\/comentarios-del-publico\" \/>\n<meta property=\"og:site_name\" content=\"SELA\" \/>\n<meta property=\"article:published_time\" content=\"2025-04-09T01:53:18+00:00\" \/>\n<meta property=\"article:modified_time\" content=\"2025-07-03T18:07:26+00:00\" \/>\n<meta name=\"author\" content=\"westvalleydev\" \/>\n<meta name=\"twitter:card\" content=\"summary_large_image\" \/>\n<meta name=\"twitter:label1\" content=\"Written by\" \/>\n\t<meta name=\"twitter:data1\" content=\"westvalleydev\" \/>\n\t<meta name=\"twitter:label2\" content=\"Est. reading time\" \/>\n\t<meta name=\"twitter:data2\" content=\"1 minuto\" \/>\n<script type=\"application\/ld+json\" class=\"yoast-schema-graph\">{\"@context\":\"https:\\\/\\\/schema.org\",\"@graph\":[{\"@type\":\"Article\",\"@id\":\"https:\\\/\\\/selaculturalcenter.org\\\/es\\\/comentarios-del-publico#article\",\"isPartOf\":{\"@id\":\"https:\\\/\\\/selaculturalcenter.org\\\/es\\\/comentarios-del-publico\"},\"author\":{\"name\":\"westvalleydev\",\"@id\":\"https:\\\/\\\/selaculturalcenter.org\\\/#\\\/schema\\\/person\\\/7b5c90f18480111a74ba2b86d5bba5dc\"},\"headline\":\"Comentarios del p\u00fablico\",\"datePublished\":\"2025-04-09T01:53:18+00:00\",\"dateModified\":\"2025-07-03T18:07:26+00:00\",\"mainEntityOfPage\":{\"@id\":\"https:\\\/\\\/selaculturalcenter.org\\\/es\\\/comentarios-del-publico\"},\"wordCount\":108,\"commentCount\":2,\"publisher\":{\"@id\":\"https:\\\/\\\/selaculturalcenter.org\\\/#organization\"},\"articleSection\":[\"Uncategorized\"],\"inLanguage\":\"es\",\"potentialAction\":[{\"@type\":\"CommentAction\",\"name\":\"Comment\",\"target\":[\"https:\\\/\\\/selaculturalcenter.org\\\/es\\\/comentarios-del-publico#respond\"]}]},{\"@type\":\"WebPage\",\"@id\":\"https:\\\/\\\/selaculturalcenter.org\\\/es\\\/comentarios-del-publico\",\"url\":\"https:\\\/\\\/selaculturalcenter.org\\\/es\\\/comentarios-del-publico\",\"name\":\"Comentarios del p\u00fablico - SELA\",\"isPartOf\":{\"@id\":\"https:\\\/\\\/selaculturalcenter.org\\\/#website\"},\"datePublished\":\"2025-04-09T01:53:18+00:00\",\"dateModified\":\"2025-07-03T18:07:26+00:00\",\"breadcrumb\":{\"@id\":\"https:\\\/\\\/selaculturalcenter.org\\\/es\\\/comentarios-del-publico#breadcrumb\"},\"inLanguage\":\"es\",\"potentialAction\":[{\"@type\":\"ReadAction\",\"target\":[\"https:\\\/\\\/selaculturalcenter.org\\\/es\\\/comentarios-del-publico\"]}]},{\"@type\":\"BreadcrumbList\",\"@id\":\"https:\\\/\\\/selaculturalcenter.org\\\/es\\\/comentarios-del-publico#breadcrumb\",\"itemListElement\":[{\"@type\":\"ListItem\",\"position\":1,\"name\":\"Home\",\"item\":\"https:\\\/\\\/selaculturalcenter.org\\\/\"},{\"@type\":\"ListItem\",\"position\":2,\"name\":\"Comentarios del p\u00fablico\"}]},{\"@type\":\"WebSite\",\"@id\":\"https:\\\/\\\/selaculturalcenter.org\\\/#website\",\"url\":\"https:\\\/\\\/selaculturalcenter.org\\\/\",\"name\":\"SELA\",\"description\":\"Cultural Center Advisory Panel\",\"publisher\":{\"@id\":\"https:\\\/\\\/selaculturalcenter.org\\\/#organization\"},\"potentialAction\":[{\"@type\":\"SearchAction\",\"target\":{\"@type\":\"EntryPoint\",\"urlTemplate\":\"https:\\\/\\\/selaculturalcenter.org\\\/?s={search_term_string}\"},\"query-input\":{\"@type\":\"PropertyValueSpecification\",\"valueRequired\":true,\"valueName\":\"search_term_string\"}}],\"inLanguage\":\"es\"},{\"@type\":\"Organization\",\"@id\":\"https:\\\/\\\/selaculturalcenter.org\\\/#organization\",\"name\":\"SELA\",\"url\":\"https:\\\/\\\/selaculturalcenter.org\\\/\",\"logo\":{\"@type\":\"ImageObject\",\"inLanguage\":\"es\",\"@id\":\"https:\\\/\\\/selaculturalcenter.org\\\/#\\\/schema\\\/logo\\\/image\\\/\",\"url\":\"https:\\\/\\\/selaculturalcenter.org\\\/wp-content\\\/uploads\\\/2024\\\/02\\\/SELA-Logo.png\",\"contentUrl\":\"https:\\\/\\\/selaculturalcenter.org\\\/wp-content\\\/uploads\\\/2024\\\/02\\\/SELA-Logo.png\",\"width\":311,\"height\":137,\"caption\":\"SELA\"},\"image\":{\"@id\":\"https:\\\/\\\/selaculturalcenter.org\\\/#\\\/schema\\\/logo\\\/image\\\/\"}},{\"@type\":\"Person\",\"@id\":\"https:\\\/\\\/selaculturalcenter.org\\\/#\\\/schema\\\/person\\\/7b5c90f18480111a74ba2b86d5bba5dc\",\"name\":\"westvalleydev\",\"image\":{\"@type\":\"ImageObject\",\"inLanguage\":\"es\",\"@id\":\"https:\\\/\\\/secure.gravatar.com\\\/avatar\\\/ab58c7f4fb5620a1254a1eaceb7234faf00380d8d2cdbb515b4668636c368ce6?s=96&d=mm&r=g\",\"url\":\"https:\\\/\\\/secure.gravatar.com\\\/avatar\\\/ab58c7f4fb5620a1254a1eaceb7234faf00380d8d2cdbb515b4668636c368ce6?s=96&d=mm&r=g\",\"contentUrl\":\"https:\\\/\\\/secure.gravatar.com\\\/avatar\\\/ab58c7f4fb5620a1254a1eaceb7234faf00380d8d2cdbb515b4668636c368ce6?s=96&d=mm&r=g\",\"caption\":\"westvalleydev\"},\"sameAs\":[\"https:\\\/\\\/selaculturalcenter.org\"],\"url\":\"https:\\\/\\\/selaculturalcenter.org\\\/es\\\/author\\\/westvalleydev\"}]}<\/script>\n<!-- \/ Yoast SEO plugin. -->","yoast_head_json":{"title":"Comentarios del p\u00fablico - SELA","robots":{"index":"index","follow":"follow","max-snippet":"max-snippet:-1","max-image-preview":"max-image-preview:large","max-video-preview":"max-video-preview:-1"},"canonical":"https:\/\/selaculturalcenter.org\/es\/comentarios-del-publico","og_locale":"es_ES","og_type":"article","og_title":"Comentarios del p\u00fablico - SELA","og_description":"Nos gustar\u00eda conocer sus ideas y comentarios sobre el futuro del Centro Cultural SELA. A continuaci\u00f3n, encontrar\u00e1 los comentarios del p\u00fablico enviados a trav\u00e9s de la p\u00e1gina en espa\u00f1ol de [&hellip;]","og_url":"https:\/\/selaculturalcenter.org\/es\/comentarios-del-publico","og_site_name":"SELA","article_published_time":"2025-04-09T01:53:18+00:00","article_modified_time":"2025-07-03T18:07:26+00:00","author":"westvalleydev","twitter_card":"summary_large_image","twitter_misc":{"Written by":"westvalleydev","Est. reading time":"1 minuto"},"schema":{"@context":"https:\/\/schema.org","@graph":[{"@type":"Article","@id":"https:\/\/selaculturalcenter.org\/es\/comentarios-del-publico#article","isPartOf":{"@id":"https:\/\/selaculturalcenter.org\/es\/comentarios-del-publico"},"author":{"name":"westvalleydev","@id":"https:\/\/selaculturalcenter.org\/#\/schema\/person\/7b5c90f18480111a74ba2b86d5bba5dc"},"headline":"Comentarios del p\u00fablico","datePublished":"2025-04-09T01:53:18+00:00","dateModified":"2025-07-03T18:07:26+00:00","mainEntityOfPage":{"@id":"https:\/\/selaculturalcenter.org\/es\/comentarios-del-publico"},"wordCount":108,"commentCount":2,"publisher":{"@id":"https:\/\/selaculturalcenter.org\/#organization"},"articleSection":["Uncategorized"],"inLanguage":"es","potentialAction":[{"@type":"CommentAction","name":"Comment","target":["https:\/\/selaculturalcenter.org\/es\/comentarios-del-publico#respond"]}]},{"@type":"WebPage","@id":"https:\/\/selaculturalcenter.org\/es\/comentarios-del-publico","url":"https:\/\/selaculturalcenter.org\/es\/comentarios-del-publico","name":"Comentarios del p\u00fablico - SELA","isPartOf":{"@id":"https:\/\/selaculturalcenter.org\/#website"},"datePublished":"2025-04-09T01:53:18+00:00","dateModified":"2025-07-03T18:07:26+00:00","breadcrumb":{"@id":"https:\/\/selaculturalcenter.org\/es\/comentarios-del-publico#breadcrumb"},"inLanguage":"es","potentialAction":[{"@type":"ReadAction","target":["https:\/\/selaculturalcenter.org\/es\/comentarios-del-publico"]}]},{"@type":"BreadcrumbList","@id":"https:\/\/selaculturalcenter.org\/es\/comentarios-del-publico#breadcrumb","itemListElement":[{"@type":"ListItem","position":1,"name":"Home","item":"https:\/\/selaculturalcenter.org\/"},{"@type":"ListItem","position":2,"name":"Comentarios del p\u00fablico"}]},{"@type":"WebSite","@id":"https:\/\/selaculturalcenter.org\/#website","url":"https:\/\/selaculturalcenter.org\/","name":"SELA","description":"Cultural Center Advisory Panel","publisher":{"@id":"https:\/\/selaculturalcenter.org\/#organization"},"potentialAction":[{"@type":"SearchAction","target":{"@type":"EntryPoint","urlTemplate":"https:\/\/selaculturalcenter.org\/?s={search_term_string}"},"query-input":{"@type":"PropertyValueSpecification","valueRequired":true,"valueName":"search_term_string"}}],"inLanguage":"es"},{"@type":"Organization","@id":"https:\/\/selaculturalcenter.org\/#organization","name":"SELA","url":"https:\/\/selaculturalcenter.org\/","logo":{"@type":"ImageObject","inLanguage":"es","@id":"https:\/\/selaculturalcenter.org\/#\/schema\/logo\/image\/","url":"https:\/\/selaculturalcenter.org\/wp-content\/uploads\/2024\/02\/SELA-Logo.png","contentUrl":"https:\/\/selaculturalcenter.org\/wp-content\/uploads\/2024\/02\/SELA-Logo.png","width":311,"height":137,"caption":"SELA"},"image":{"@id":"https:\/\/selaculturalcenter.org\/#\/schema\/logo\/image\/"}},{"@type":"Person","@id":"https:\/\/selaculturalcenter.org\/#\/schema\/person\/7b5c90f18480111a74ba2b86d5bba5dc","name":"westvalleydev","image":{"@type":"ImageObject","inLanguage":"es","@id":"https:\/\/secure.gravatar.com\/avatar\/ab58c7f4fb5620a1254a1eaceb7234faf00380d8d2cdbb515b4668636c368ce6?s=96&d=mm&r=g","url":"https:\/\/secure.gravatar.com\/avatar\/ab58c7f4fb5620a1254a1eaceb7234faf00380d8d2cdbb515b4668636c368ce6?s=96&d=mm&r=g","contentUrl":"https:\/\/secure.gravatar.com\/avatar\/ab58c7f4fb5620a1254a1eaceb7234faf00380d8d2cdbb515b4668636c368ce6?s=96&d=mm&r=g","caption":"westvalleydev"},"sameAs":["https:\/\/selaculturalcenter.org"],"url":"https:\/\/selaculturalcenter.org\/es\/author\/westvalleydev"}]}},"_links":{"self":[{"href":"https:\/\/selaculturalcenter.org\/es\/wp-json\/wp\/v2\/posts\/517","targetHints":{"allow":["GET"]}}],"collection":[{"href":"https:\/\/selaculturalcenter.org\/es\/wp-json\/wp\/v2\/posts"}],"about":[{"href":"https:\/\/selaculturalcenter.org\/es\/wp-json\/wp\/v2\/types\/post"}],"author":[{"embeddable":true,"href":"https:\/\/selaculturalcenter.org\/es\/wp-json\/wp\/v2\/users\/1"}],"replies":[{"embeddable":true,"href":"https:\/\/selaculturalcenter.org\/es\/wp-json\/wp\/v2\/comments?post=517"}],"version-history":[{"count":0,"href":"https:\/\/selaculturalcenter.org\/es\/wp-json\/wp\/v2\/posts\/517\/revisions"}],"wp:attachment":[{"href":"https:\/\/selaculturalcenter.org\/es\/wp-json\/wp\/v2\/media?parent=517"}],"wp:term":[{"taxonomy":"category","embeddable":true,"href":"https:\/\/selaculturalcenter.org\/es\/wp-json\/wp\/v2\/categories?post=517"},{"taxonomy":"post_tag","embeddable":true,"href":"https:\/\/selaculturalcenter.org\/es\/wp-json\/wp\/v2\/tags?post=517"}],"curies":[{"name":"wp","href":"https:\/\/api.w.org\/{rel}","templated":true}]}}